{"id":4840,"date":"2021-03-01T14:16:25","date_gmt":"2021-03-01T13:16:25","guid":{"rendered":"https:\/\/www.bruzelle.be\/?p=4840"},"modified":"2021-03-01T14:16:25","modified_gmt":"2021-03-01T13:16:25","slug":"que-fait-le-gouvernement-belge-contre-la-precarite-menstruelle","status":"publish","type":"post","link":"https:\/\/www.bruzelle.be\/fr\/que-fait-le-gouvernement-belge-contre-la-precarite-menstruelle\/","title":{"rendered":"Que fait le gouvernement belge contre la pr\u00e9carit\u00e9 menstruelle ?"},"content":{"rendered":"<p>La crise sanitaire de 2020 a mis la lumi\u00e8re sur les probl\u00e8mes socio-\u00e9conomiques, creusant toujours plus profond encore les \u00e9carts et enfon\u00e7ant plus encore certaines personnes dans la pr\u00e9carit\u00e9. <strong>Il est plus qu&rsquo;urgent que le gouvernement belge agisse contre la pr\u00e9carit\u00e9 menstruelle de fa\u00e7on durable.<\/strong><\/p>\n<p>En 2020, l&rsquo;\u00c9cosse montre l&rsquo;exemple en instaurant <a href=\"https:\/\/www.bbc.com\/news\/uk-scotland-scotland-politics-51629880\">la gratuit\u00e9 des produits menstruels<\/a> dans le pays ; en d\u00e9but d&rsquo;ann\u00e9e, la <a href=\"https:\/\/www.education.govt.nz\/our-work\/overall-strategies-and-policies\/wellbeing-in-education\/access-to-free-period-products\/\">Nouvelle-Z\u00e9lande<\/a> lance un projet timide sur 3 ans dans les \u00e9coles primaires\/secondaires (et apr\u00e8s?); et en <a href=\"https:\/\/information.tv5monde.com\/terriennes\/precarite-menstruelle-en-france-des-protections-gratuites-pour-les-etudiantes-397660\">France<\/a>, d&rsquo;ici septembre 2021, quelques distributeurs gratuits de protections hygi\u00e9niques \u00e9cologiques devraient \u00eatre install\u00e9s dans les r\u00e9sidences universitaires, les Crous et les services de sant\u00e9 universitaires. Quid de la Belgique ? <strong><a href=\"https:\/\/www.vice.com\/fr\/article\/akd9ng\/que-fait-le-gouvernement-belge-contre-la-precarite-menstruelle?fbclid=IwAR3_aJqUHXux0bx5VU5mKeFO1wQWzf1tNGAENjYki1rHjgQdVY7KYaDYf3c\">Lire cet article pour plus d&rsquo;information<\/a><\/strong>.<\/p>\n<p style=\"text-align: center;\"><strong>Brisons les tabous, changeons les r\u00e8gles. Si d&rsquo;autres pays y arrivent, pourquoi pas la Belgique?<\/strong><\/p>\n","protected":false},"excerpt":{"rendered":"<p>La crise sanitaire de 2020 a mis la lumi\u00e8re sur les probl\u00e8mes socio-\u00e9conomiques, creusant toujours plus profond encore les \u00e9carts et enfon\u00e7ant plus encore certaines personnes dans la pr\u00e9carit\u00e9. Il est plus qu&rsquo;urgent que le gouvernement belge agisse contre la pr\u00e9carit\u00e9 menstruelle de fa\u00e7on durable. En 2020, l&rsquo;\u00c9cosse montre l&rsquo;exemple en instaurant la gratuit\u00e9 des [&hellip;]<\/p>\n","protected":false},"author":4,"featured_media":4841,"comment_status":"closed","ping_status":"closed","sticky":false,"template":"","format":"standard","meta":{"_acf_changed":false,"_exactmetrics_skip_tracking":false,"_exactmetrics_sitenote_active":false,"_exactmetrics_sitenote_note":"","_exactmetrics_sitenote_category":0,"footnotes":""},"categories":[51],"tags":[],"class_list":["post-4840","post","type-post","status-publish","format-standard","has-post-thumbnail","hentry","category-presse"],"acf":[],"_links":{"self":[{"href":"https:\/\/www.bruzelle.be\/fr\/wp-json\/wp\/v2\/posts\/4840","targetHints":{"allow":["GET"]}}],"collection":[{"href":"https:\/\/www.bruzelle.be\/fr\/wp-json\/wp\/v2\/posts"}],"about":[{"href":"https:\/\/www.bruzelle.be\/fr\/wp-json\/wp\/v2\/types\/post"}],"author":[{"embeddable":true,"href":"https:\/\/www.bruzelle.be\/fr\/wp-json\/wp\/v2\/users\/4"}],"replies":[{"embeddable":true,"href":"https:\/\/www.bruzelle.be\/fr\/wp-json\/wp\/v2\/comments?post=4840"}],"version-history":[{"count":0,"href":"https:\/\/www.bruzelle.be\/fr\/wp-json\/wp\/v2\/posts\/4840\/revisions"}],"wp:featuredmedia":[{"embeddable":true,"href":"https:\/\/www.bruzelle.be\/fr\/wp-json\/wp\/v2\/media\/4841"}],"wp:attachment":[{"href":"https:\/\/www.bruzelle.be\/fr\/wp-json\/wp\/v2\/media?parent=4840"}],"wp:term":[{"taxonomy":"category","embeddable":true,"href":"https:\/\/www.bruzelle.be\/fr\/wp-json\/wp\/v2\/categories?post=4840"},{"taxonomy":"post_tag","embeddable":true,"href":"https:\/\/www.bruzelle.be\/fr\/wp-json\/wp\/v2\/tags?post=4840"}],"curies":[{"name":"wp","href":"https:\/\/api.w.org\/{rel}","templated":true}]}}